{"id":646,"date":"2024-09-10T19:54:49","date_gmt":"2024-09-10T16:54:49","guid":{"rendered":"https:\/\/lajotek.com.br\/novo\/?p=646"},"modified":"2024-09-10T22:29:14","modified_gmt":"2024-09-10T19:29:14","slug":"politica-de-garantia","status":"publish","type":"post","link":"https:\/\/lajotek.com.br\/index.php\/2024\/09\/10\/politica-de-garantia\/","title":{"rendered":"Pol\u00edtica de Garantia"},"content":{"rendered":"\n<p>A Lajotek Ind\u00fastria e Com\u00e9rcio de Lajes Pr\u00e9-Moldadas LTDA (Lajotek LTDA), nos limites fixados neste termo, assegura como fabricante a garantia contra defeitos de fabrica\u00e7\u00e3o com base na legisla\u00e7\u00e3o vigente e ou normas t\u00e9cnicas pertinentes a cada tipo de produto adquirido na empresa.<\/p>\n\n\n\n<p>O per\u00edodo de garantia dos produtos \u00e9 definido pelas normas t\u00e9cnicas de cada tipo de produto, na aus\u00eancia de norma especifica deve-se observar o disposto nas seguintes Normas T\u00e9cnicas:<\/p>\n\n\n\n<ul class=\"wp-block-list\">\n<li>NBR 14931:2004 \u2013 Execu\u00e7\u00e3o de Estruturas de Concreto &#8211; Procedimentos<\/li>\n\n\n\n<li>NBR 7212:1984 \u2013 Execu\u00e7\u00e3o de concreto dosado em central \u2013 Procedimento<\/li>\n\n\n\n<li>NBR 9062:2001 \u2013 Projeto e execu\u00e7\u00e3o de estruturas de concreto pr\u00e9-moldado \u2013 Procedimento<\/li>\n\n\n\n<li>NBR 6118:2003 \u2013 Projeto de estruturas de concreto &#8211; Procedimento <\/li>\n\n\n\n<li>NBR 14860-1:2002 &#8211; Laje pr\u00e9-fabricada &#8211; Pr\u00e9-laje &#8211; Requisitos Parte 1: Lajes unidirecionais<\/li>\n\n\n\n<li>NBR 14860-2:2002 &#8211; Laje pr\u00e9-fabricada &#8211; Pr\u00e9-laje &#8211; Requisitos Parte 2: Lajes bidirecionais<\/li>\n\n\n\n<li>NBR 14859-1:2002 \u2013 Laje pr\u00e9-fabricada &#8211; Requisitos Parte 1: Lajes unidirecionais<\/li>\n\n\n\n<li>NBR 14859-2:2002 \u2013 Laje pr\u00e9-fabricada &#8211; Requisitos Parte 2: Lajes bidirecionais<\/li>\n<\/ul>\n\n\n\n<p>A Lajotek LTDA garante que os produtos cobertos por este Termo, est\u00e3o livres de defeitos em seus insumos e de defeitos de fabrica\u00e7\u00e3o, durante o per\u00edodo da garantia legal, uma vez respeitada \u00e0s condi\u00e7\u00f5es normais de uso.<\/p>\n\n\n\n<p>Entende-se por condi\u00e7\u00f5es normais de uso o disposto na ABNT NBR 6118:2014, item 6.2.3: A durabilidade das estruturas de concreto requer coopera\u00e7\u00e3o e atitudes coordenadas com os envolvidos nos processos de projeto, constru\u00e7\u00e3o e utiliza\u00e7\u00e3o, devendo no m\u00ednimo, ser seguido o que estabelece a ABNT NBR 12655 &#8211; Concreto de cimento Portland.<\/p>\n\n\n\n<p>Todos os produtos enviados para nossa f\u00e1brica em garantia ser\u00e3o examinados e testados na sua entrada por nosso corpo t\u00e9cnico, para que sejam avaliados e constatados a necessidade de troca ou interven\u00e7\u00e3o.<\/p>\n\n\n\n<p>Durante o per\u00edodo e nas condi\u00e7\u00f5es da Garantia Legal, produtos defeituosos ser\u00e3o reparados e substitu\u00eddos por pe\u00e7as novas quando aplic\u00e1vel, de qualidade e tecnologia equivalente ou superior respeitada \u00e0s especifica\u00e7\u00f5es originais do produto e a legisla\u00e7\u00e3o brasileira aplic\u00e1vel. As pe\u00e7as substitu\u00eddas ter\u00e3o funcionalidade equivalente ou superior \u00e0quelas que apresentaram defeito, sendo que todas as partes defeituosas e substitu\u00eddas na vig\u00eancia da Garantia Legal ser\u00e3o devolvidas a Lajotek LTDA.<\/p>\n\n\n\n<p>Produtos substitu\u00eddos haver\u00e1 a contagem do prazo de Garantia legal e n\u00e3o significar\u00e1 a renova\u00e7\u00e3o do Prazo de Garantia Contratual do Produto e nem renova\u00e7\u00e3o do prazo de Garantia Legal para o produto.<\/p>\n","protected":false},"excerpt":{"rendered":"<p>A Lajotek Ind\u00fastria e Com\u00e9rcio de Lajes Pr\u00e9-Moldadas LTDA (Lajotek LTDA), nos limites fixados neste termo, assegura como fabricante a garantia contra defeitos de fabrica\u00e7\u00e3o com base na legisla\u00e7\u00e3o vigente e ou normas t\u00e9cnicas pertinentes a cada tipo de produto adquirido na empresa. O per\u00edodo de garantia dos produtos \u00e9 definido pelas normas t\u00e9cnicas de [&hellip;]<\/p>\n","protected":false},"author":1,"featured_media":0,"comment_status":"closed","ping_status":"closed","sticky":false,"template":"","format":"standard","meta":{"footnotes":""},"categories":[1],"tags":[21],"class_list":["post-646","post","type-post","status-publish","format-standard","hentry","category-uncategorized","tag-politica-de-garantia"],"yoast_head":"<!-- This site is optimized with the Yoast SEO plugin v23.9 - https:\/\/yoast.com\/wordpress\/plugins\/seo\/ -->\n<title>Pol\u00edtica de Garantia - Lajes Lajotek - Laje Treli\u00e7a, Convencional, Painel e Bidirecionai | Lajes em Curitiba<\/title>\n<meta name=\"description\" content=\"Nossa pol\u00edtica de garantia oferece cobertura completa e transparente para nossos produtos, assegurando qualidade e satisfa\u00e7\u00e3o cont\u00ednua.\" \/>\n<meta name=\"robots\" content=\"index, follow, max-snippet:-1, max-image-preview:large, max-video-preview:-1\" \/>\n<link rel=\"canonical\" href=\"https:\/\/lajotek.com.br\/index.php\/2024\/09\/10\/politica-de-garantia\/\" \/>\n<meta property=\"og:locale\" content=\"pt_BR\" \/>\n<meta property=\"og:type\" content=\"article\" \/>\n<meta property=\"og:title\" content=\"Pol\u00edtica de Garantia - Lajes Lajotek - Laje Treli\u00e7a, Convencional, Painel e Bidirecionai | Lajes em Curitiba\" \/>\n<meta property=\"og:description\" content=\"Nossa pol\u00edtica de garantia oferece cobertura completa e transparente para nossos produtos, assegurando qualidade e satisfa\u00e7\u00e3o cont\u00ednua.\" \/>\n<meta property=\"og:url\" content=\"https:\/\/lajotek.com.br\/index.php\/2024\/09\/10\/politica-de-garantia\/\" \/>\n<meta property=\"og:site_name\" content=\"Lajes Lajotek - Laje Treli\u00e7a, Convencional, Painel e Bidirecionai | Lajes em Curitiba\" \/>\n<meta property=\"article:publisher\" content=\"https:\/\/facebook.com.br\/lajotek\" \/>\n<meta property=\"article:author\" content=\"https:\/\/www.facebook.com.br\/lajotek\" \/>\n<meta property=\"article:published_time\" content=\"2024-09-10T16:54:49+00:00\" \/>\n<meta property=\"article:modified_time\" content=\"2024-09-10T19:29:14+00:00\" \/>\n<meta property=\"og:image\" content=\"https:\/\/lajotek.com.br\/wp-content\/uploads\/2024\/09\/ImagemSite.png\" \/>\n\t<meta property=\"og:image:width\" content=\"1199\" \/>\n\t<meta property=\"og:image:height\" content=\"677\" \/>\n\t<meta property=\"og:image:type\" content=\"image\/png\" \/>\n<meta name=\"author\" content=\"admin\" \/>\n<meta name=\"twitter:card\" content=\"summary_large_image\" \/>\n<meta name=\"twitter:label1\" content=\"Escrito por\" \/>\n\t<meta name=\"twitter:data1\" content=\"admin\" \/>\n\t<meta name=\"twitter:label2\" content=\"Est. tempo de leitura\" \/>\n\t<meta name=\"twitter:data2\" content=\"3 minutos\" \/>\n<script type=\"application\/ld+json\" class=\"yoast-schema-graph\">{\"@context\":\"https:\/\/schema.org\",\"@graph\":[{\"@type\":\"Article\",\"@id\":\"https:\/\/lajotek.com.br\/index.php\/2024\/09\/10\/politica-de-garantia\/#article\",\"isPartOf\":{\"@id\":\"https:\/\/lajotek.com.br\/index.php\/2024\/09\/10\/politica-de-garantia\/\"},\"author\":{\"name\":\"admin\",\"@id\":\"https:\/\/lajotek.com.br\/#\/schema\/person\/2e2bd7c99bacfa53409e5048f52a2379\"},\"headline\":\"Pol\u00edtica de Garantia\",\"datePublished\":\"2024-09-10T16:54:49+00:00\",\"dateModified\":\"2024-09-10T19:29:14+00:00\",\"mainEntityOfPage\":{\"@id\":\"https:\/\/lajotek.com.br\/index.php\/2024\/09\/10\/politica-de-garantia\/\"},\"wordCount\":422,\"publisher\":{\"@id\":\"https:\/\/lajotek.com.br\/#organization\"},\"keywords\":[\"pol\u00edtica de garantia\"],\"articleSection\":[\"Uncategorized\"],\"inLanguage\":\"pt-BR\"},{\"@type\":\"WebPage\",\"@id\":\"https:\/\/lajotek.com.br\/index.php\/2024\/09\/10\/politica-de-garantia\/\",\"url\":\"https:\/\/lajotek.com.br\/index.php\/2024\/09\/10\/politica-de-garantia\/\",\"name\":\"Pol\u00edtica de Garantia - Lajes Lajotek - Laje Treli\u00e7a, Convencional, Painel e Bidirecionai | Lajes em Curitiba\",\"isPartOf\":{\"@id\":\"https:\/\/lajotek.com.br\/#website\"},\"datePublished\":\"2024-09-10T16:54:49+00:00\",\"dateModified\":\"2024-09-10T19:29:14+00:00\",\"description\":\"Nossa pol\u00edtica de garantia oferece cobertura completa e transparente para nossos produtos, assegurando qualidade e satisfa\u00e7\u00e3o cont\u00ednua.\",\"breadcrumb\":{\"@id\":\"https:\/\/lajotek.com.br\/index.php\/2024\/09\/10\/politica-de-garantia\/#breadcrumb\"},\"inLanguage\":\"pt-BR\",\"potentialAction\":[{\"@type\":\"ReadAction\",\"target\":[\"https:\/\/lajotek.com.br\/index.php\/2024\/09\/10\/politica-de-garantia\/\"]}]},{\"@type\":\"BreadcrumbList\",\"@id\":\"https:\/\/lajotek.com.br\/index.php\/2024\/09\/10\/politica-de-garantia\/#breadcrumb\",\"itemListElement\":[{\"@type\":\"ListItem\",\"position\":1,\"name\":\"In\u00edcio\",\"item\":\"https:\/\/lajotek.com.br\/\"},{\"@type\":\"ListItem\",\"position\":2,\"name\":\"Pol\u00edtica de Garantia\"}]},{\"@type\":\"WebSite\",\"@id\":\"https:\/\/lajotek.com.br\/#website\",\"url\":\"https:\/\/lajotek.com.br\/\",\"name\":\"Lajotek Lajes Treli\u00e7as, Convencional, Painel e Bidirecionais | Lajes em Curitiba\",\"description\":\"Desde 1986, a Lajotek se destaca na fabrica\u00e7\u00e3o de lajes, vigas pr\u00e9-moldadas e blocos de EPS para constru\u00e7\u00f5es residenciais e comerciais em Curitiba e regi\u00e3o. Priorizamos qualidade e atendimento ao cliente. Confira nossa variedade de produtos!\",\"publisher\":{\"@id\":\"https:\/\/lajotek.com.br\/#organization\"},\"alternateName\":\"Lajotek - Lajes Curitiba\",\"potentialAction\":[{\"@type\":\"SearchAction\",\"target\":{\"@type\":\"EntryPoint\",\"urlTemplate\":\"https:\/\/lajotek.com.br\/?s={search_term_string}\"},\"query-input\":{\"@type\":\"PropertyValueSpecification\",\"valueRequired\":true,\"valueName\":\"search_term_string\"}}],\"inLanguage\":\"pt-BR\"},{\"@type\":\"Organization\",\"@id\":\"https:\/\/lajotek.com.br\/#organization\",\"name\":\"Lajotek Lajes Treli\u00e7as, Convencional, Painel e Bidirecionais | Lajes em Curitiba\",\"alternateName\":\"Lajotek - Lajes Curitiba\",\"url\":\"https:\/\/lajotek.com.br\/\",\"logo\":{\"@type\":\"ImageObject\",\"inLanguage\":\"pt-BR\",\"@id\":\"https:\/\/lajotek.com.br\/#\/schema\/logo\/image\/\",\"url\":\"https:\/\/lajotek.com.br\/wp-content\/uploads\/2024\/10\/logo-png.webp\",\"contentUrl\":\"https:\/\/lajotek.com.br\/wp-content\/uploads\/2024\/10\/logo-png.webp\",\"width\":976,\"height\":1002,\"caption\":\"Lajotek Lajes Treli\u00e7as, Convencional, Painel e Bidirecionais | Lajes em Curitiba\"},\"image\":{\"@id\":\"https:\/\/lajotek.com.br\/#\/schema\/logo\/image\/\"},\"sameAs\":[\"https:\/\/facebook.com.br\/lajotek\",\"https:\/\/www.instagram.com\/lajeslajotek\"]},{\"@type\":\"Person\",\"@id\":\"https:\/\/lajotek.com.br\/#\/schema\/person\/2e2bd7c99bacfa53409e5048f52a2379\",\"name\":\"admin\",\"image\":{\"@type\":\"ImageObject\",\"inLanguage\":\"pt-BR\",\"@id\":\"https:\/\/lajotek.com.br\/#\/schema\/person\/image\/\",\"url\":\"https:\/\/secure.gravatar.com\/avatar\/bd352758437e588117f259dc9f224d71?s=96&d=mm&r=g\",\"contentUrl\":\"https:\/\/secure.gravatar.com\/avatar\/bd352758437e588117f259dc9f224d71?s=96&d=mm&r=g\",\"caption\":\"admin\"},\"sameAs\":[\"https:\/\/lajotek.com.br\/\",\"https:\/\/www.facebook.com.br\/lajotek\",\"https:\/\/www.instagram.com\/lajeslajotek\"],\"url\":\"https:\/\/lajotek.com.br\/index.php\/author\/admin_yaln7zvz\/\"}]}<\/script>\n<!-- \/ Yoast SEO plugin. -->","yoast_head_json":{"title":"Pol\u00edtica de Garantia - Lajes Lajotek - Laje Treli\u00e7a, Convencional, Painel e Bidirecionai | Lajes em Curitiba","description":"Nossa pol\u00edtica de garantia oferece cobertura completa e transparente para nossos produtos, assegurando qualidade e satisfa\u00e7\u00e3o cont\u00ednua.","robots":{"index":"index","follow":"follow","max-snippet":"max-snippet:-1","max-image-preview":"max-image-preview:large","max-video-preview":"max-video-preview:-1"},"canonical":"https:\/\/lajotek.com.br\/index.php\/2024\/09\/10\/politica-de-garantia\/","og_locale":"pt_BR","og_type":"article","og_title":"Pol\u00edtica de Garantia - Lajes Lajotek - Laje Treli\u00e7a, Convencional, Painel e Bidirecionai | Lajes em Curitiba","og_description":"Nossa pol\u00edtica de garantia oferece cobertura completa e transparente para nossos produtos, assegurando qualidade e satisfa\u00e7\u00e3o cont\u00ednua.","og_url":"https:\/\/lajotek.com.br\/index.php\/2024\/09\/10\/politica-de-garantia\/","og_site_name":"Lajes Lajotek - Laje Treli\u00e7a, Convencional, Painel e Bidirecionai | Lajes em Curitiba","article_publisher":"https:\/\/facebook.com.br\/lajotek","article_author":"https:\/\/www.facebook.com.br\/lajotek","article_published_time":"2024-09-10T16:54:49+00:00","article_modified_time":"2024-09-10T19:29:14+00:00","og_image":[{"width":1199,"height":677,"url":"https:\/\/lajotek.com.br\/wp-content\/uploads\/2024\/09\/ImagemSite.png","type":"image\/png"}],"author":"admin","twitter_card":"summary_large_image","twitter_misc":{"Escrito por":"admin","Est. tempo de leitura":"3 minutos"},"schema":{"@context":"https:\/\/schema.org","@graph":[{"@type":"Article","@id":"https:\/\/lajotek.com.br\/index.php\/2024\/09\/10\/politica-de-garantia\/#article","isPartOf":{"@id":"https:\/\/lajotek.com.br\/index.php\/2024\/09\/10\/politica-de-garantia\/"},"author":{"name":"admin","@id":"https:\/\/lajotek.com.br\/#\/schema\/person\/2e2bd7c99bacfa53409e5048f52a2379"},"headline":"Pol\u00edtica de Garantia","datePublished":"2024-09-10T16:54:49+00:00","dateModified":"2024-09-10T19:29:14+00:00","mainEntityOfPage":{"@id":"https:\/\/lajotek.com.br\/index.php\/2024\/09\/10\/politica-de-garantia\/"},"wordCount":422,"publisher":{"@id":"https:\/\/lajotek.com.br\/#organization"},"keywords":["pol\u00edtica de garantia"],"articleSection":["Uncategorized"],"inLanguage":"pt-BR"},{"@type":"WebPage","@id":"https:\/\/lajotek.com.br\/index.php\/2024\/09\/10\/politica-de-garantia\/","url":"https:\/\/lajotek.com.br\/index.php\/2024\/09\/10\/politica-de-garantia\/","name":"Pol\u00edtica de Garantia - Lajes Lajotek - Laje Treli\u00e7a, Convencional, Painel e Bidirecionai | Lajes em Curitiba","isPartOf":{"@id":"https:\/\/lajotek.com.br\/#website"},"datePublished":"2024-09-10T16:54:49+00:00","dateModified":"2024-09-10T19:29:14+00:00","description":"Nossa pol\u00edtica de garantia oferece cobertura completa e transparente para nossos produtos, assegurando qualidade e satisfa\u00e7\u00e3o cont\u00ednua.","breadcrumb":{"@id":"https:\/\/lajotek.com.br\/index.php\/2024\/09\/10\/politica-de-garantia\/#breadcrumb"},"inLanguage":"pt-BR","potentialAction":[{"@type":"ReadAction","target":["https:\/\/lajotek.com.br\/index.php\/2024\/09\/10\/politica-de-garantia\/"]}]},{"@type":"BreadcrumbList","@id":"https:\/\/lajotek.com.br\/index.php\/2024\/09\/10\/politica-de-garantia\/#breadcrumb","itemListElement":[{"@type":"ListItem","position":1,"name":"In\u00edcio","item":"https:\/\/lajotek.com.br\/"},{"@type":"ListItem","position":2,"name":"Pol\u00edtica de Garantia"}]},{"@type":"WebSite","@id":"https:\/\/lajotek.com.br\/#website","url":"https:\/\/lajotek.com.br\/","name":"Lajotek Lajes Treli\u00e7as, Convencional, Painel e Bidirecionais | Lajes em Curitiba","description":"Desde 1986, a Lajotek se destaca na fabrica\u00e7\u00e3o de lajes, vigas pr\u00e9-moldadas e blocos de EPS para constru\u00e7\u00f5es residenciais e comerciais em Curitiba e regi\u00e3o. Priorizamos qualidade e atendimento ao cliente. Confira nossa variedade de produtos!","publisher":{"@id":"https:\/\/lajotek.com.br\/#organization"},"alternateName":"Lajotek - Lajes Curitiba","potentialAction":[{"@type":"SearchAction","target":{"@type":"EntryPoint","urlTemplate":"https:\/\/lajotek.com.br\/?s={search_term_string}"},"query-input":{"@type":"PropertyValueSpecification","valueRequired":true,"valueName":"search_term_string"}}],"inLanguage":"pt-BR"},{"@type":"Organization","@id":"https:\/\/lajotek.com.br\/#organization","name":"Lajotek Lajes Treli\u00e7as, Convencional, Painel e Bidirecionais | Lajes em Curitiba","alternateName":"Lajotek - Lajes Curitiba","url":"https:\/\/lajotek.com.br\/","logo":{"@type":"ImageObject","inLanguage":"pt-BR","@id":"https:\/\/lajotek.com.br\/#\/schema\/logo\/image\/","url":"https:\/\/lajotek.com.br\/wp-content\/uploads\/2024\/10\/logo-png.webp","contentUrl":"https:\/\/lajotek.com.br\/wp-content\/uploads\/2024\/10\/logo-png.webp","width":976,"height":1002,"caption":"Lajotek Lajes Treli\u00e7as, Convencional, Painel e Bidirecionais | Lajes em Curitiba"},"image":{"@id":"https:\/\/lajotek.com.br\/#\/schema\/logo\/image\/"},"sameAs":["https:\/\/facebook.com.br\/lajotek","https:\/\/www.instagram.com\/lajeslajotek"]},{"@type":"Person","@id":"https:\/\/lajotek.com.br\/#\/schema\/person\/2e2bd7c99bacfa53409e5048f52a2379","name":"admin","image":{"@type":"ImageObject","inLanguage":"pt-BR","@id":"https:\/\/lajotek.com.br\/#\/schema\/person\/image\/","url":"https:\/\/secure.gravatar.com\/avatar\/bd352758437e588117f259dc9f224d71?s=96&d=mm&r=g","contentUrl":"https:\/\/secure.gravatar.com\/avatar\/bd352758437e588117f259dc9f224d71?s=96&d=mm&r=g","caption":"admin"},"sameAs":["https:\/\/lajotek.com.br\/","https:\/\/www.facebook.com.br\/lajotek","https:\/\/www.instagram.com\/lajeslajotek"],"url":"https:\/\/lajotek.com.br\/index.php\/author\/admin_yaln7zvz\/"}]}},"_links":{"self":[{"href":"https:\/\/lajotek.com.br\/index.php\/wp-json\/wp\/v2\/posts\/646","targetHints":{"allow":["GET"]}}],"collection":[{"href":"https:\/\/lajotek.com.br\/index.php\/wp-json\/wp\/v2\/posts"}],"about":[{"href":"https:\/\/lajotek.com.br\/index.php\/wp-json\/wp\/v2\/types\/post"}],"author":[{"embeddable":true,"href":"https:\/\/lajotek.com.br\/index.php\/wp-json\/wp\/v2\/users\/1"}],"replies":[{"embeddable":true,"href":"https:\/\/lajotek.com.br\/index.php\/wp-json\/wp\/v2\/comments?post=646"}],"version-history":[{"count":0,"href":"https:\/\/lajotek.com.br\/index.php\/wp-json\/wp\/v2\/posts\/646\/revisions"}],"wp:attachment":[{"href":"https:\/\/lajotek.com.br\/index.php\/wp-json\/wp\/v2\/media?parent=646"}],"wp:term":[{"taxonomy":"category","embeddable":true,"href":"https:\/\/lajotek.com.br\/index.php\/wp-json\/wp\/v2\/categories?post=646"},{"taxonomy":"post_tag","embeddable":true,"href":"https:\/\/lajotek.com.br\/index.php\/wp-json\/wp\/v2\/tags?post=646"}],"curies":[{"name":"wp","href":"https:\/\/api.w.org\/{rel}","templated":true}]}}