{"id":538,"date":"2024-09-10T01:48:32","date_gmt":"2024-09-09T22:48:32","guid":{"rendered":"https:\/\/lajotek.com.br\/novo\/?p=538"},"modified":"2024-09-10T22:29:14","modified_gmt":"2024-09-10T19:29:14","slug":"glossario-de-termos-tecnicos","status":"publish","type":"post","link":"https:\/\/lajotek.com.br\/index.php\/2024\/09\/10\/glossario-de-termos-tecnicos\/","title":{"rendered":"Gloss\u00e1rio de termos t\u00e9cnicos"},"content":{"rendered":"\n<h3 class=\"wp-block-heading\"><strong>Gloss\u00e1rio de Termos T\u00e9cnicos para Laje Pr\u00e9-Moldada e Constru\u00e7\u00e3o Civil<\/strong><\/h3>\n\n\n\n<p>A constru\u00e7\u00e3o civil \u00e9 um campo repleto de terminologias t\u00e9cnicas que s\u00e3o fundamentais para garantir uma comunica\u00e7\u00e3o precisa e eficiente entre engenheiros, arquitetos, empreiteiros e demais profissionais do setor. Compreender esses termos \u00e9 crucial para a execu\u00e7\u00e3o correta de projetos, especialmente quando se trata de lajes pr\u00e9-moldadas, que s\u00e3o amplamente usadas devido \u00e0 sua efici\u00eancia e versatilidade. Este gloss\u00e1rio fornece uma vis\u00e3o geral dos principais termos t\u00e9cnicos relacionados a lajes pr\u00e9-moldadas e constru\u00e7\u00e3o civil.<\/p>\n\n\n\n<h4 class=\"wp-block-heading\"><strong>1. A\u00e7o de Refor\u00e7o<\/strong><\/h4>\n\n\n\n<p><strong>Defini\u00e7\u00e3o:<\/strong> Barras de a\u00e7o incorporadas ao concreto para aumentar a resist\u00eancia \u00e0 tra\u00e7\u00e3o e \u00e0 flex\u00e3o da laje. <strong>Aplica\u00e7\u00e3o:<\/strong> Utilizado em lajes pr\u00e9-moldadas para suportar cargas adicionais e garantir a estabilidade estrutural.<\/p>\n\n\n\n<h4 class=\"wp-block-heading\"><strong>2. Armadura<\/strong><\/h4>\n\n\n\n<p><strong>Defini\u00e7\u00e3o:<\/strong> Conjunto de barras de a\u00e7o ou fios dispostos dentro do concreto para resistir a esfor\u00e7os de tra\u00e7\u00e3o e compress\u00e3o. <strong>Aplica\u00e7\u00e3o:<\/strong> Essencial na constru\u00e7\u00e3o de lajes pr\u00e9-moldadas para assegurar a resist\u00eancia e durabilidade da estrutura.<\/p>\n\n\n\n<h4 class=\"wp-block-heading\"><strong>3. Concreto Armado<\/strong><\/h4>\n\n\n\n<p><strong>Defini\u00e7\u00e3o:<\/strong> Concreto que cont\u00e9m armadura de a\u00e7o, projetado para combinar a resist\u00eancia \u00e0 compress\u00e3o do concreto com a resist\u00eancia \u00e0 tra\u00e7\u00e3o do a\u00e7o. <strong>Aplica\u00e7\u00e3o:<\/strong> Base para a maioria das lajes pr\u00e9-moldadas, proporcionando suporte estrutural robusto.<\/p>\n\n\n\n<h4 class=\"wp-block-heading\"><strong>4. Laje Pr\u00e9-Moldada<\/strong><\/h4>\n\n\n\n<p><strong>Defini\u00e7\u00e3o:<\/strong> Laje fabricada fora do local de constru\u00e7\u00e3o e transportada para a obra. Pode ser nervurada, maci\u00e7a ou treli\u00e7ada. <strong>Aplica\u00e7\u00e3o:<\/strong> Utilizada para criar pisos e tetos de forma r\u00e1pida e eficiente, com qualidade controlada na f\u00e1brica.<\/p>\n\n\n\n<h4 class=\"wp-block-heading\"><strong>5. Nervura<\/strong><\/h4>\n\n\n\n<p><strong>Defini\u00e7\u00e3o:<\/strong> Refor\u00e7o estrutural em forma de ripas ou sulcos em lajes, que ajuda na distribui\u00e7\u00e3o de cargas. <strong>Aplica\u00e7\u00e3o:<\/strong> Lajes nervuradas s\u00e3o comuns em constru\u00e7\u00f5es que exigem v\u00e3os maiores e suportam cargas pesadas.<\/p>\n\n\n\n<h4 class=\"wp-block-heading\"><strong>6. V\u00e3o<\/strong><\/h4>\n\n\n\n<p><strong>Defini\u00e7\u00e3o:<\/strong> Dist\u00e2ncia entre os pontos de suporte de uma laje. <strong>Aplica\u00e7\u00e3o:<\/strong> O comprimento do v\u00e3o determina a capacidade da laje de suportar cargas e influencia o projeto estrutural.<\/p>\n\n\n\n<h4 class=\"wp-block-heading\"><strong>7. Bloco de Enchimento<\/strong><\/h4>\n\n\n\n<p><strong>Defini\u00e7\u00e3o:<\/strong> Blocos utilizados para preencher os espa\u00e7os entre as nervuras das lajes, podendo ser de EPS (poliestireno expandido) ou cer\u00e2mica. <strong>Aplica\u00e7\u00e3o:<\/strong> Reduz o peso da laje e melhora o isolamento t\u00e9rmico e ac\u00fastico.<\/p>\n\n\n\n<h4 class=\"wp-block-heading\"><strong>8. Treli\u00e7a Met\u00e1lica<\/strong><\/h4>\n\n\n\n<p><strong>Defini\u00e7\u00e3o:<\/strong> Estrutura de barras met\u00e1licas dispostas em um padr\u00e3o triangular, usada para refor\u00e7ar a laje. <strong>Aplica\u00e7\u00e3o:<\/strong> Adicionada a lajes pr\u00e9-moldadas para suportar cargas maiores e melhorar a estabilidade.<\/p>\n\n\n\n<h4 class=\"wp-block-heading\"><strong>9. Laje Maci\u00e7a<\/strong><\/h4>\n\n\n\n<p><strong>Defini\u00e7\u00e3o:<\/strong> Laje de concreto s\u00f3lido, sem nervuras, que oferece maior resist\u00eancia e menor v\u00e3os. <strong>Aplica\u00e7\u00e3o:<\/strong> Usada em \u00e1reas que requerem maior capacidade de carga e suporte estrutural robusto.<\/p>\n\n\n\n<h4 class=\"wp-block-heading\"><strong>10. Laje Nervurada<\/strong><\/h4>\n\n\n\n<p><strong>Defini\u00e7\u00e3o:<\/strong> Laje com nervuras internas que aumentam a rigidez e reduzem o peso, permitindo v\u00e3os maiores. <strong>Aplica\u00e7\u00e3o:<\/strong> Ideal para constru\u00e7\u00f5es com necessidade de grandes v\u00e3os e alta carga.<\/p>\n\n\n\n<h4 class=\"wp-block-heading\"><strong>11. Carga Permanente<\/strong><\/h4>\n\n\n\n<p><strong>Defini\u00e7\u00e3o:<\/strong> Peso constante que a laje deve suportar ao longo de sua vida \u00fatil, incluindo o pr\u00f3prio peso da laje e elementos fixos. <strong>Aplica\u00e7\u00e3o:<\/strong> Considerada no dimensionamento da laje para garantir sua resist\u00eancia a longo prazo.<\/p>\n\n\n\n<h4 class=\"wp-block-heading\"><strong>12. Carga Vari\u00e1vel<\/strong><\/h4>\n\n\n\n<p><strong>Defini\u00e7\u00e3o:<\/strong> Peso que pode mudar ao longo do tempo, como m\u00f3veis, equipamentos e pessoas. <strong>Aplica\u00e7\u00e3o:<\/strong> Deve ser prevista no projeto para garantir que a laje possa suportar diferentes condi\u00e7\u00f5es de uso.<\/p>\n\n\n\n<h4 class=\"wp-block-heading\"><strong>13. Tens\u00e3o de Cisalhamento<\/strong><\/h4>\n\n\n\n<p><strong>Defini\u00e7\u00e3o:<\/strong> For\u00e7a interna que age paralelamente \u00e0 se\u00e7\u00e3o transversal da laje. <strong>Aplica\u00e7\u00e3o:<\/strong> Considerada no c\u00e1lculo de dimensionamento das lajes para garantir que suportem as for\u00e7as aplicadas.<\/p>\n\n\n\n<h4 class=\"wp-block-heading\"><strong>14. Tens\u00e3o de Flex\u00e3o<\/strong><\/h4>\n\n\n\n<p><strong>Defini\u00e7\u00e3o:<\/strong> For\u00e7a que causa curvatura em uma laje quando uma carga \u00e9 aplicada. <strong>Aplica\u00e7\u00e3o:<\/strong> Fundamental no c\u00e1lculo estrutural das lajes para evitar deforma\u00e7\u00f5es e garantir a integridade estrutural.<\/p>\n\n\n\n<h4 class=\"wp-block-heading\"><strong>15. Concreto Protendido<\/strong><\/h4>\n\n\n\n<p><strong>Defini\u00e7\u00e3o:<\/strong> Tipo de concreto onde as barras de a\u00e7o s\u00e3o tensionadas antes da aplica\u00e7\u00e3o da carga, aumentando a capacidade da laje. <strong>Aplica\u00e7\u00e3o:<\/strong> Usado em situa\u00e7\u00f5es onde s\u00e3o necess\u00e1rios v\u00e3os maiores e maior controle sobre deforma\u00e7\u00f5es.<\/p>\n\n\n\n<h4 class=\"wp-block-heading\"><strong>16. Cisalhamento<\/strong><\/h4>\n\n\n\n<p><strong>Defini\u00e7\u00e3o:<\/strong> Tipo de for\u00e7a que age na dire\u00e7\u00e3o perpendicular ao eixo de um elemento estrutural. <strong>Aplica\u00e7\u00e3o:<\/strong> Considerado no projeto de lajes para garantir que resistam adequadamente \u00e0s for\u00e7as aplicadas.<\/p>\n\n\n\n<h4 class=\"wp-block-heading\"><strong>17. Elemento Pr\u00e9-Moldado<\/strong><\/h4>\n\n\n\n<p><strong>Defini\u00e7\u00e3o:<\/strong> Componente de constru\u00e7\u00e3o fabricado em uma f\u00e1brica e transportado para o local da obra para montagem. <strong>Aplica\u00e7\u00e3o:<\/strong> Reduz o tempo de constru\u00e7\u00e3o e melhora a qualidade do produto final.<\/p>\n\n\n\n<h4 class=\"wp-block-heading\"><strong>Conclus\u00e3o<\/strong><\/h4>\n\n\n\n<p>Compreender a terminologia t\u00e9cnica associada a lajes pr\u00e9-moldadas e constru\u00e7\u00e3o civil \u00e9 essencial para garantir que os projetos sejam executados com precis\u00e3o e efici\u00eancia. Este gloss\u00e1rio abrange os termos mais comuns e importantes, fornecendo uma base s\u00f3lida para profissionais da constru\u00e7\u00e3o civil e interessados em aprender mais sobre o tema. Conhecimento desses termos ajuda na comunica\u00e7\u00e3o clara, no planejamento eficaz e na execu\u00e7\u00e3o bem-sucedida dos projetos de constru\u00e7\u00e3o.<br>Esse Gloss\u00e1rio de termos t\u00e9cnicos \u00e9 para ajudar a entender melhor.<\/p>\n","protected":false},"excerpt":{"rendered":"<p>Gloss\u00e1rio de Termos T\u00e9cnicos para Laje Pr\u00e9-Moldada e Constru\u00e7\u00e3o Civil A constru\u00e7\u00e3o civil \u00e9 um campo repleto de terminologias t\u00e9cnicas que s\u00e3o fundamentais para garantir uma comunica\u00e7\u00e3o precisa e eficiente entre engenheiros, arquitetos, empreiteiros e demais profissionais do setor. Compreender esses termos \u00e9 crucial para a execu\u00e7\u00e3o correta de projetos, especialmente quando se trata de [&hellip;]<\/p>\n","protected":false},"author":1,"featured_media":0,"comment_status":"closed","ping_status":"closed","sticky":false,"template":"","format":"standard","meta":{"footnotes":""},"categories":[1],"tags":[],"class_list":["post-538","post","type-post","status-publish","format-standard","hentry","category-uncategorized"],"yoast_head":"<!-- This site is optimized with the Yoast SEO plugin v23.9 - https:\/\/yoast.com\/wordpress\/plugins\/seo\/ -->\n<title>Gloss\u00e1rio de termos t\u00e9cnicos - Lajes Lajotek - Laje Treli\u00e7a, Convencional, Painel e Bidirecionai | Lajes em Curitiba<\/title>\n<meta name=\"description\" content=\"Consulte nosso gloss\u00e1rio de termos t\u00e9cnicos para lajes pr\u00e9-moldadas. Entenda defini\u00e7\u00f5es essenciais e conceitos importantes.\" \/>\n<meta name=\"robots\" content=\"index, follow, max-snippet:-1, max-image-preview:large, max-video-preview:-1\" \/>\n<link rel=\"canonical\" href=\"https:\/\/lajotek.com.br\/index.php\/2024\/09\/10\/glossario-de-termos-tecnicos\/\" \/>\n<meta property=\"og:locale\" content=\"pt_BR\" \/>\n<meta property=\"og:type\" content=\"article\" \/>\n<meta property=\"og:title\" content=\"Gloss\u00e1rio de termos t\u00e9cnicos - Lajes Lajotek - Laje Treli\u00e7a, Convencional, Painel e Bidirecionai | Lajes em Curitiba\" \/>\n<meta property=\"og:description\" content=\"Consulte nosso gloss\u00e1rio de termos t\u00e9cnicos para lajes pr\u00e9-moldadas. Entenda defini\u00e7\u00f5es essenciais e conceitos importantes.\" \/>\n<meta property=\"og:url\" content=\"https:\/\/lajotek.com.br\/index.php\/2024\/09\/10\/glossario-de-termos-tecnicos\/\" \/>\n<meta property=\"og:site_name\" content=\"Lajes Lajotek - Laje Treli\u00e7a, Convencional, Painel e Bidirecionai | Lajes em Curitiba\" \/>\n<meta property=\"article:publisher\" content=\"https:\/\/facebook.com.br\/lajotek\" \/>\n<meta property=\"article:author\" content=\"https:\/\/www.facebook.com.br\/lajotek\" \/>\n<meta property=\"article:published_time\" content=\"2024-09-09T22:48:32+00:00\" \/>\n<meta property=\"article:modified_time\" content=\"2024-09-10T19:29:14+00:00\" \/>\n<meta property=\"og:image\" content=\"https:\/\/lajotek.com.br\/wp-content\/uploads\/2024\/09\/ImagemSite.png\" \/>\n\t<meta property=\"og:image:width\" content=\"1199\" \/>\n\t<meta property=\"og:image:height\" content=\"677\" \/>\n\t<meta property=\"og:image:type\" content=\"image\/png\" \/>\n<meta name=\"author\" content=\"admin\" \/>\n<meta name=\"twitter:card\" content=\"summary_large_image\" \/>\n<meta name=\"twitter:label1\" content=\"Escrito por\" \/>\n\t<meta name=\"twitter:data1\" content=\"admin\" \/>\n\t<meta name=\"twitter:label2\" content=\"Est. tempo de leitura\" \/>\n\t<meta name=\"twitter:data2\" content=\"5 minutos\" \/>\n<script type=\"application\/ld+json\" class=\"yoast-schema-graph\">{\"@context\":\"https:\/\/schema.org\",\"@graph\":[{\"@type\":\"Article\",\"@id\":\"https:\/\/lajotek.com.br\/index.php\/2024\/09\/10\/glossario-de-termos-tecnicos\/#article\",\"isPartOf\":{\"@id\":\"https:\/\/lajotek.com.br\/index.php\/2024\/09\/10\/glossario-de-termos-tecnicos\/\"},\"author\":{\"name\":\"admin\",\"@id\":\"https:\/\/lajotek.com.br\/#\/schema\/person\/2e2bd7c99bacfa53409e5048f52a2379\"},\"headline\":\"Gloss\u00e1rio de termos t\u00e9cnicos\",\"datePublished\":\"2024-09-09T22:48:32+00:00\",\"dateModified\":\"2024-09-10T19:29:14+00:00\",\"mainEntityOfPage\":{\"@id\":\"https:\/\/lajotek.com.br\/index.php\/2024\/09\/10\/glossario-de-termos-tecnicos\/\"},\"wordCount\":871,\"publisher\":{\"@id\":\"https:\/\/lajotek.com.br\/#organization\"},\"articleSection\":[\"Uncategorized\"],\"inLanguage\":\"pt-BR\"},{\"@type\":\"WebPage\",\"@id\":\"https:\/\/lajotek.com.br\/index.php\/2024\/09\/10\/glossario-de-termos-tecnicos\/\",\"url\":\"https:\/\/lajotek.com.br\/index.php\/2024\/09\/10\/glossario-de-termos-tecnicos\/\",\"name\":\"Gloss\u00e1rio de termos t\u00e9cnicos - Lajes Lajotek - Laje Treli\u00e7a, Convencional, Painel e Bidirecionai | Lajes em Curitiba\",\"isPartOf\":{\"@id\":\"https:\/\/lajotek.com.br\/#website\"},\"datePublished\":\"2024-09-09T22:48:32+00:00\",\"dateModified\":\"2024-09-10T19:29:14+00:00\",\"description\":\"Consulte nosso gloss\u00e1rio de termos t\u00e9cnicos para lajes pr\u00e9-moldadas. Entenda defini\u00e7\u00f5es essenciais e conceitos importantes.\",\"breadcrumb\":{\"@id\":\"https:\/\/lajotek.com.br\/index.php\/2024\/09\/10\/glossario-de-termos-tecnicos\/#breadcrumb\"},\"inLanguage\":\"pt-BR\",\"potentialAction\":[{\"@type\":\"ReadAction\",\"target\":[\"https:\/\/lajotek.com.br\/index.php\/2024\/09\/10\/glossario-de-termos-tecnicos\/\"]}]},{\"@type\":\"BreadcrumbList\",\"@id\":\"https:\/\/lajotek.com.br\/index.php\/2024\/09\/10\/glossario-de-termos-tecnicos\/#breadcrumb\",\"itemListElement\":[{\"@type\":\"ListItem\",\"position\":1,\"name\":\"In\u00edcio\",\"item\":\"https:\/\/lajotek.com.br\/\"},{\"@type\":\"ListItem\",\"position\":2,\"name\":\"Gloss\u00e1rio de termos t\u00e9cnicos\"}]},{\"@type\":\"WebSite\",\"@id\":\"https:\/\/lajotek.com.br\/#website\",\"url\":\"https:\/\/lajotek.com.br\/\",\"name\":\"Lajotek Lajes Treli\u00e7as, Convencional, Painel e Bidirecionais | Lajes em Curitiba\",\"description\":\"Desde 1986, a Lajotek se destaca na fabrica\u00e7\u00e3o de lajes, vigas pr\u00e9-moldadas e blocos de EPS para constru\u00e7\u00f5es residenciais e comerciais em Curitiba e regi\u00e3o. Priorizamos qualidade e atendimento ao cliente. Confira nossa variedade de produtos!\",\"publisher\":{\"@id\":\"https:\/\/lajotek.com.br\/#organization\"},\"alternateName\":\"Lajotek - Lajes Curitiba\",\"potentialAction\":[{\"@type\":\"SearchAction\",\"target\":{\"@type\":\"EntryPoint\",\"urlTemplate\":\"https:\/\/lajotek.com.br\/?s={search_term_string}\"},\"query-input\":{\"@type\":\"PropertyValueSpecification\",\"valueRequired\":true,\"valueName\":\"search_term_string\"}}],\"inLanguage\":\"pt-BR\"},{\"@type\":\"Organization\",\"@id\":\"https:\/\/lajotek.com.br\/#organization\",\"name\":\"Lajotek Lajes Treli\u00e7as, Convencional, Painel e Bidirecionais | Lajes em Curitiba\",\"alternateName\":\"Lajotek - Lajes Curitiba\",\"url\":\"https:\/\/lajotek.com.br\/\",\"logo\":{\"@type\":\"ImageObject\",\"inLanguage\":\"pt-BR\",\"@id\":\"https:\/\/lajotek.com.br\/#\/schema\/logo\/image\/\",\"url\":\"https:\/\/lajotek.com.br\/wp-content\/uploads\/2024\/10\/logo-png.webp\",\"contentUrl\":\"https:\/\/lajotek.com.br\/wp-content\/uploads\/2024\/10\/logo-png.webp\",\"width\":976,\"height\":1002,\"caption\":\"Lajotek Lajes Treli\u00e7as, Convencional, Painel e Bidirecionais | Lajes em Curitiba\"},\"image\":{\"@id\":\"https:\/\/lajotek.com.br\/#\/schema\/logo\/image\/\"},\"sameAs\":[\"https:\/\/facebook.com.br\/lajotek\",\"https:\/\/www.instagram.com\/lajeslajotek\"]},{\"@type\":\"Person\",\"@id\":\"https:\/\/lajotek.com.br\/#\/schema\/person\/2e2bd7c99bacfa53409e5048f52a2379\",\"name\":\"admin\",\"image\":{\"@type\":\"ImageObject\",\"inLanguage\":\"pt-BR\",\"@id\":\"https:\/\/lajotek.com.br\/#\/schema\/person\/image\/\",\"url\":\"https:\/\/secure.gravatar.com\/avatar\/bd352758437e588117f259dc9f224d71?s=96&d=mm&r=g\",\"contentUrl\":\"https:\/\/secure.gravatar.com\/avatar\/bd352758437e588117f259dc9f224d71?s=96&d=mm&r=g\",\"caption\":\"admin\"},\"sameAs\":[\"https:\/\/lajotek.com.br\/\",\"https:\/\/www.facebook.com.br\/lajotek\",\"https:\/\/www.instagram.com\/lajeslajotek\"],\"url\":\"https:\/\/lajotek.com.br\/index.php\/author\/admin_yaln7zvz\/\"}]}<\/script>\n<!-- \/ Yoast SEO plugin. -->","yoast_head_json":{"title":"Gloss\u00e1rio de termos t\u00e9cnicos - Lajes Lajotek - Laje Treli\u00e7a, Convencional, Painel e Bidirecionai | Lajes em Curitiba","description":"Consulte nosso gloss\u00e1rio de termos t\u00e9cnicos para lajes pr\u00e9-moldadas. Entenda defini\u00e7\u00f5es essenciais e conceitos importantes.","robots":{"index":"index","follow":"follow","max-snippet":"max-snippet:-1","max-image-preview":"max-image-preview:large","max-video-preview":"max-video-preview:-1"},"canonical":"https:\/\/lajotek.com.br\/index.php\/2024\/09\/10\/glossario-de-termos-tecnicos\/","og_locale":"pt_BR","og_type":"article","og_title":"Gloss\u00e1rio de termos t\u00e9cnicos - Lajes Lajotek - Laje Treli\u00e7a, Convencional, Painel e Bidirecionai | Lajes em Curitiba","og_description":"Consulte nosso gloss\u00e1rio de termos t\u00e9cnicos para lajes pr\u00e9-moldadas. Entenda defini\u00e7\u00f5es essenciais e conceitos importantes.","og_url":"https:\/\/lajotek.com.br\/index.php\/2024\/09\/10\/glossario-de-termos-tecnicos\/","og_site_name":"Lajes Lajotek - Laje Treli\u00e7a, Convencional, Painel e Bidirecionai | Lajes em Curitiba","article_publisher":"https:\/\/facebook.com.br\/lajotek","article_author":"https:\/\/www.facebook.com.br\/lajotek","article_published_time":"2024-09-09T22:48:32+00:00","article_modified_time":"2024-09-10T19:29:14+00:00","og_image":[{"width":1199,"height":677,"url":"https:\/\/lajotek.com.br\/wp-content\/uploads\/2024\/09\/ImagemSite.png","type":"image\/png"}],"author":"admin","twitter_card":"summary_large_image","twitter_misc":{"Escrito por":"admin","Est. tempo de leitura":"5 minutos"},"schema":{"@context":"https:\/\/schema.org","@graph":[{"@type":"Article","@id":"https:\/\/lajotek.com.br\/index.php\/2024\/09\/10\/glossario-de-termos-tecnicos\/#article","isPartOf":{"@id":"https:\/\/lajotek.com.br\/index.php\/2024\/09\/10\/glossario-de-termos-tecnicos\/"},"author":{"name":"admin","@id":"https:\/\/lajotek.com.br\/#\/schema\/person\/2e2bd7c99bacfa53409e5048f52a2379"},"headline":"Gloss\u00e1rio de termos t\u00e9cnicos","datePublished":"2024-09-09T22:48:32+00:00","dateModified":"2024-09-10T19:29:14+00:00","mainEntityOfPage":{"@id":"https:\/\/lajotek.com.br\/index.php\/2024\/09\/10\/glossario-de-termos-tecnicos\/"},"wordCount":871,"publisher":{"@id":"https:\/\/lajotek.com.br\/#organization"},"articleSection":["Uncategorized"],"inLanguage":"pt-BR"},{"@type":"WebPage","@id":"https:\/\/lajotek.com.br\/index.php\/2024\/09\/10\/glossario-de-termos-tecnicos\/","url":"https:\/\/lajotek.com.br\/index.php\/2024\/09\/10\/glossario-de-termos-tecnicos\/","name":"Gloss\u00e1rio de termos t\u00e9cnicos - Lajes Lajotek - Laje Treli\u00e7a, Convencional, Painel e Bidirecionai | Lajes em Curitiba","isPartOf":{"@id":"https:\/\/lajotek.com.br\/#website"},"datePublished":"2024-09-09T22:48:32+00:00","dateModified":"2024-09-10T19:29:14+00:00","description":"Consulte nosso gloss\u00e1rio de termos t\u00e9cnicos para lajes pr\u00e9-moldadas. Entenda defini\u00e7\u00f5es essenciais e conceitos importantes.","breadcrumb":{"@id":"https:\/\/lajotek.com.br\/index.php\/2024\/09\/10\/glossario-de-termos-tecnicos\/#breadcrumb"},"inLanguage":"pt-BR","potentialAction":[{"@type":"ReadAction","target":["https:\/\/lajotek.com.br\/index.php\/2024\/09\/10\/glossario-de-termos-tecnicos\/"]}]},{"@type":"BreadcrumbList","@id":"https:\/\/lajotek.com.br\/index.php\/2024\/09\/10\/glossario-de-termos-tecnicos\/#breadcrumb","itemListElement":[{"@type":"ListItem","position":1,"name":"In\u00edcio","item":"https:\/\/lajotek.com.br\/"},{"@type":"ListItem","position":2,"name":"Gloss\u00e1rio de termos t\u00e9cnicos"}]},{"@type":"WebSite","@id":"https:\/\/lajotek.com.br\/#website","url":"https:\/\/lajotek.com.br\/","name":"Lajotek Lajes Treli\u00e7as, Convencional, Painel e Bidirecionais | Lajes em Curitiba","description":"Desde 1986, a Lajotek se destaca na fabrica\u00e7\u00e3o de lajes, vigas pr\u00e9-moldadas e blocos de EPS para constru\u00e7\u00f5es residenciais e comerciais em Curitiba e regi\u00e3o. Priorizamos qualidade e atendimento ao cliente. Confira nossa variedade de produtos!","publisher":{"@id":"https:\/\/lajotek.com.br\/#organization"},"alternateName":"Lajotek - Lajes Curitiba","potentialAction":[{"@type":"SearchAction","target":{"@type":"EntryPoint","urlTemplate":"https:\/\/lajotek.com.br\/?s={search_term_string}"},"query-input":{"@type":"PropertyValueSpecification","valueRequired":true,"valueName":"search_term_string"}}],"inLanguage":"pt-BR"},{"@type":"Organization","@id":"https:\/\/lajotek.com.br\/#organization","name":"Lajotek Lajes Treli\u00e7as, Convencional, Painel e Bidirecionais | Lajes em Curitiba","alternateName":"Lajotek - Lajes Curitiba","url":"https:\/\/lajotek.com.br\/","logo":{"@type":"ImageObject","inLanguage":"pt-BR","@id":"https:\/\/lajotek.com.br\/#\/schema\/logo\/image\/","url":"https:\/\/lajotek.com.br\/wp-content\/uploads\/2024\/10\/logo-png.webp","contentUrl":"https:\/\/lajotek.com.br\/wp-content\/uploads\/2024\/10\/logo-png.webp","width":976,"height":1002,"caption":"Lajotek Lajes Treli\u00e7as, Convencional, Painel e Bidirecionais | Lajes em Curitiba"},"image":{"@id":"https:\/\/lajotek.com.br\/#\/schema\/logo\/image\/"},"sameAs":["https:\/\/facebook.com.br\/lajotek","https:\/\/www.instagram.com\/lajeslajotek"]},{"@type":"Person","@id":"https:\/\/lajotek.com.br\/#\/schema\/person\/2e2bd7c99bacfa53409e5048f52a2379","name":"admin","image":{"@type":"ImageObject","inLanguage":"pt-BR","@id":"https:\/\/lajotek.com.br\/#\/schema\/person\/image\/","url":"https:\/\/secure.gravatar.com\/avatar\/bd352758437e588117f259dc9f224d71?s=96&d=mm&r=g","contentUrl":"https:\/\/secure.gravatar.com\/avatar\/bd352758437e588117f259dc9f224d71?s=96&d=mm&r=g","caption":"admin"},"sameAs":["https:\/\/lajotek.com.br\/","https:\/\/www.facebook.com.br\/lajotek","https:\/\/www.instagram.com\/lajeslajotek"],"url":"https:\/\/lajotek.com.br\/index.php\/author\/admin_yaln7zvz\/"}]}},"_links":{"self":[{"href":"https:\/\/lajotek.com.br\/index.php\/wp-json\/wp\/v2\/posts\/538","targetHints":{"allow":["GET"]}}],"collection":[{"href":"https:\/\/lajotek.com.br\/index.php\/wp-json\/wp\/v2\/posts"}],"about":[{"href":"https:\/\/lajotek.com.br\/index.php\/wp-json\/wp\/v2\/types\/post"}],"author":[{"embeddable":true,"href":"https:\/\/lajotek.com.br\/index.php\/wp-json\/wp\/v2\/users\/1"}],"replies":[{"embeddable":true,"href":"https:\/\/lajotek.com.br\/index.php\/wp-json\/wp\/v2\/comments?post=538"}],"version-history":[{"count":0,"href":"https:\/\/lajotek.com.br\/index.php\/wp-json\/wp\/v2\/posts\/538\/revisions"}],"wp:attachment":[{"href":"https:\/\/lajotek.com.br\/index.php\/wp-json\/wp\/v2\/media?parent=538"}],"wp:term":[{"taxonomy":"category","embeddable":true,"href":"https:\/\/lajotek.com.br\/index.php\/wp-json\/wp\/v2\/categories?post=538"},{"taxonomy":"post_tag","embeddable":true,"href":"https:\/\/lajotek.com.br\/index.php\/wp-json\/wp\/v2\/tags?post=538"}],"curies":[{"name":"wp","href":"https:\/\/api.w.org\/{rel}","templated":true}]}}